{"id":545661,"date":"2021-12-14T20:12:46","date_gmt":"2021-12-15T01:12:46","guid":{"rendered":"https:\/\/gbo.pixoverstudios.com\/ontario-is-facing-a-problem-that-i-think-quebec-should-have-faced-by-now-and-we-want-to-know-what-you-think\/"},"modified":"2025-10-22T13:56:40","modified_gmt":"2025-10-22T13:56:40","slug":"ontario-is-facing-a-problem-that-i-think-quebec-should-have-faced-by-now-and-we-want-to-know-what-you-think","status":"publish","type":"post","link":"https:\/\/groupebaronello.com\/fr\/ontario-is-facing-a-problem-that-i-think-quebec-should-have-faced-by-now-and-we-want-to-know-what-you-think\/","title":{"rendered":"L&rsquo;Ontario fait face \u00e0 un probl\u00e8me qui, selon moi, aurait d\u00e9j\u00e0 d\u00fb se poser au Qu\u00e9bec, et nous voulons savoir ce que vous en pensez !"},"content":{"rendered":"\r\n<p>En ce moment, l&rsquo;Ontario fait face \u00e0 une certaine pression de la part de ses citoyens, des conseillers municipaux et d&rsquo;autres personnes pour mettre \u00e0 jour les lois de zonage et changer les terres agricoles ou les terres de ferme en zone r\u00e9sidentielle pour permettre plus de construction, ce qui stabilisent le march\u00e9.<\/p>\r\n\r\n\r\n\r\n<p>Le Qu\u00e9bec (en particulier Laval, la C\u00f4te-Nord et la C\u00f4te-Sud) poss\u00e8de des hectares et des hectares de terres qui sont toujours zon\u00e9es agricoles, ce qui signifie que la construction r\u00e9sidentielle n&rsquo;est pas encore autoris\u00e9e. Les villes et les minist\u00e8res de l&rsquo;environnement respectifs n&rsquo;ont pas de date fixe en vue pour commencer \u00e0 changer ces zones.<\/p>\r\n\r\n\r\n\r\n<p>Avec la pire p\u00e9nurie de logements que le pays ait jamais connue et des acheteurs qui sont tout simplement pr\u00eats \u00e0 sauter sur les nouvelles constructions&#8230; Pourquoi notre gouvernement, ou nos politiciens, n&rsquo;ont-ils rien fait \u00e0 ce sujet ? En quoi cela n&rsquo;est-il pas une solution consid\u00e9rable \u00e0 notre probl\u00e8me de logement ?<\/p>\r\n\r\n\r\n\r\n<p>En tant que concitoyen, j&rsquo;aimerais en savoir plus sur ce que VOUS pensez que les personnes au pouvoir devraient faire pour r\u00e9guler le march\u00e9 de l&rsquo;immobilier ?<\/p>\r\n","protected":false},"excerpt":{"rendered":"<p>En ce moment, l&rsquo;Ontario fait face \u00e0 une certaine pression de la part de ses citoyens, des conseillers municipaux et d&rsquo;autres personnes pour mettre \u00e0 jour les lois de zonage et changer les terres agricoles ou les terres de ferme en zone r\u00e9sidentielle pour permettre plus de construction, ce qui stabilisent le march\u00e9. Le Qu\u00e9bec [&#8230;]\n","protected":false},"author":2,"featured_media":545658,"comment_status":"closed","ping_status":"open","sticky":false,"template":"","format":"standard","meta":{"_acf_changed":false,"footnotes":""},"categories":[4],"tags":[],"class_list":["post-545661","post","type-post","status-publish","format-standard","has-post-thumbnail","hentry","category-non-categorise"],"acf":[],"yoast_head":"<!-- This site is optimized with the Yoast SEO plugin v27.4 - https:\/\/yoast.com\/product\/yoast-seo-wordpress\/ -->\n<title>L&#039;Ontario fait face \u00e0 un probl\u00e8me qui, selon moi, aurait d\u00e9j\u00e0 d\u00fb se poser au Qu\u00e9bec, et nous voulons savoir ce que vous en pensez ! - Groupe Baronello<\/title>\n<meta name=\"robots\" content=\"index, follow, max-snippet:-1, max-image-preview:large, max-video-preview:-1\" \/>\n<link rel=\"canonical\" href=\"https:\/\/groupebaronello.com\/fr\/ontario-is-facing-a-problem-that-i-think-quebec-should-have-faced-by-now-and-we-want-to-know-what-you-think\/\" \/>\n<meta property=\"og:locale\" content=\"fr_FR\" \/>\n<meta property=\"og:type\" content=\"article\" \/>\n<meta property=\"og:title\" content=\"L&#039;Ontario fait face \u00e0 un probl\u00e8me qui, selon moi, aurait d\u00e9j\u00e0 d\u00fb se poser au Qu\u00e9bec, et nous voulons savoir ce que vous en pensez ! - Groupe Baronello\" \/>\n<meta property=\"og:description\" content=\"En ce moment, l&rsquo;Ontario fait face \u00e0 une certaine pression de la part de ses citoyens, des conseillers municipaux et d&rsquo;autres personnes pour mettre \u00e0 jour les lois de zonage et changer les terres agricoles ou les terres de ferme en zone r\u00e9sidentielle pour permettre plus de construction, ce qui stabilisent le march\u00e9. Le Qu\u00e9bec [...]\" \/>\n<meta property=\"og:url\" content=\"https:\/\/groupebaronello.com\/fr\/ontario-is-facing-a-problem-that-i-think-quebec-should-have-faced-by-now-and-we-want-to-know-what-you-think\/\" \/>\n<meta property=\"og:site_name\" content=\"Groupe Baronello\" \/>\n<meta property=\"article:published_time\" content=\"2021-12-15T01:12:46+00:00\" \/>\n<meta property=\"article:modified_time\" content=\"2025-10-22T13:56:40+00:00\" \/>\n<meta property=\"og:image\" content=\"https:\/\/groupebaronello.com\/wp-content\/uploads\/2021\/12\/Blog_1.jpeg\" \/>\n\t<meta property=\"og:image:width\" content=\"900\" \/>\n\t<meta property=\"og:image:height\" content=\"507\" \/>\n\t<meta property=\"og:image:type\" content=\"image\/jpeg\" \/>\n<meta name=\"author\" content=\"gb_admin\" \/>\n<meta name=\"twitter:card\" content=\"summary_large_image\" \/>\n<meta name=\"twitter:label1\" content=\"\u00c9crit par\" \/>\n\t<meta name=\"twitter:data1\" content=\"gb_admin\" \/>\n\t<meta name=\"twitter:label2\" content=\"Dur\u00e9e de lecture estim\u00e9e\" \/>\n\t<meta name=\"twitter:data2\" content=\"1 minute\" \/>\n<script type=\"application\/ld+json\" class=\"yoast-schema-graph\">{\"@context\":\"https:\\\/\\\/schema.org\",\"@graph\":[{\"@type\":\"Article\",\"@id\":\"https:\\\/\\\/groupebaronello.com\\\/fr\\\/ontario-is-facing-a-problem-that-i-think-quebec-should-have-faced-by-now-and-we-want-to-know-what-you-think\\\/#article\",\"isPartOf\":{\"@id\":\"https:\\\/\\\/groupebaronello.com\\\/fr\\\/ontario-is-facing-a-problem-that-i-think-quebec-should-have-faced-by-now-and-we-want-to-know-what-you-think\\\/\"},\"author\":{\"name\":\"gb_admin\",\"@id\":\"https:\\\/\\\/groupebaronello.com\\\/fr\\\/#\\\/schema\\\/person\\\/3866f599e17139b0bd7813f886dc0780\"},\"headline\":\"L&rsquo;Ontario fait face \u00e0 un probl\u00e8me qui, selon moi, aurait d\u00e9j\u00e0 d\u00fb se poser au Qu\u00e9bec, et nous voulons savoir ce que vous en pensez !\",\"datePublished\":\"2021-12-15T01:12:46+00:00\",\"dateModified\":\"2025-10-22T13:56:40+00:00\",\"mainEntityOfPage\":{\"@id\":\"https:\\\/\\\/groupebaronello.com\\\/fr\\\/ontario-is-facing-a-problem-that-i-think-quebec-should-have-faced-by-now-and-we-want-to-know-what-you-think\\\/\"},\"wordCount\":230,\"publisher\":{\"@id\":\"https:\\\/\\\/groupebaronello.com\\\/fr\\\/#organization\"},\"image\":{\"@id\":\"https:\\\/\\\/groupebaronello.com\\\/fr\\\/ontario-is-facing-a-problem-that-i-think-quebec-should-have-faced-by-now-and-we-want-to-know-what-you-think\\\/#primaryimage\"},\"thumbnailUrl\":\"https:\\\/\\\/groupebaronello.com\\\/wp-content\\\/uploads\\\/2021\\\/12\\\/Blog_1.jpeg\",\"articleSection\":[\"Non cat\u00e9goris\u00e9\"],\"inLanguage\":\"fr-FR\"},{\"@type\":\"WebPage\",\"@id\":\"https:\\\/\\\/groupebaronello.com\\\/fr\\\/ontario-is-facing-a-problem-that-i-think-quebec-should-have-faced-by-now-and-we-want-to-know-what-you-think\\\/\",\"url\":\"https:\\\/\\\/groupebaronello.com\\\/fr\\\/ontario-is-facing-a-problem-that-i-think-quebec-should-have-faced-by-now-and-we-want-to-know-what-you-think\\\/\",\"name\":\"L'Ontario fait face \u00e0 un probl\u00e8me qui, selon moi, aurait d\u00e9j\u00e0 d\u00fb se poser au Qu\u00e9bec, et nous voulons savoir ce que vous en pensez ! - Groupe Baronello\",\"isPartOf\":{\"@id\":\"https:\\\/\\\/groupebaronello.com\\\/fr\\\/#website\"},\"primaryImageOfPage\":{\"@id\":\"https:\\\/\\\/groupebaronello.com\\\/fr\\\/ontario-is-facing-a-problem-that-i-think-quebec-should-have-faced-by-now-and-we-want-to-know-what-you-think\\\/#primaryimage\"},\"image\":{\"@id\":\"https:\\\/\\\/groupebaronello.com\\\/fr\\\/ontario-is-facing-a-problem-that-i-think-quebec-should-have-faced-by-now-and-we-want-to-know-what-you-think\\\/#primaryimage\"},\"thumbnailUrl\":\"https:\\\/\\\/groupebaronello.com\\\/wp-content\\\/uploads\\\/2021\\\/12\\\/Blog_1.jpeg\",\"datePublished\":\"2021-12-15T01:12:46+00:00\",\"dateModified\":\"2025-10-22T13:56:40+00:00\",\"breadcrumb\":{\"@id\":\"https:\\\/\\\/groupebaronello.com\\\/fr\\\/ontario-is-facing-a-problem-that-i-think-quebec-should-have-faced-by-now-and-we-want-to-know-what-you-think\\\/#breadcrumb\"},\"inLanguage\":\"fr-FR\",\"potentialAction\":[{\"@type\":\"ReadAction\",\"target\":[\"https:\\\/\\\/groupebaronello.com\\\/fr\\\/ontario-is-facing-a-problem-that-i-think-quebec-should-have-faced-by-now-and-we-want-to-know-what-you-think\\\/\"]}]},{\"@type\":\"ImageObject\",\"inLanguage\":\"fr-FR\",\"@id\":\"https:\\\/\\\/groupebaronello.com\\\/fr\\\/ontario-is-facing-a-problem-that-i-think-quebec-should-have-faced-by-now-and-we-want-to-know-what-you-think\\\/#primaryimage\",\"url\":\"https:\\\/\\\/groupebaronello.com\\\/wp-content\\\/uploads\\\/2021\\\/12\\\/Blog_1.jpeg\",\"contentUrl\":\"https:\\\/\\\/groupebaronello.com\\\/wp-content\\\/uploads\\\/2021\\\/12\\\/Blog_1.jpeg\",\"width\":900,\"height\":507},{\"@type\":\"BreadcrumbList\",\"@id\":\"https:\\\/\\\/groupebaronello.com\\\/fr\\\/ontario-is-facing-a-problem-that-i-think-quebec-should-have-faced-by-now-and-we-want-to-know-what-you-think\\\/#breadcrumb\",\"itemListElement\":[{\"@type\":\"ListItem\",\"position\":1,\"name\":\"Home\",\"item\":\"https:\\\/\\\/groupebaronello.com\\\/\"},{\"@type\":\"ListItem\",\"position\":2,\"name\":\"L&#8217;Ontario fait face \u00e0 un probl\u00e8me qui, selon moi, aurait d\u00e9j\u00e0 d\u00fb se poser au Qu\u00e9bec, et nous voulons savoir ce que vous en pensez !\"}]},{\"@type\":\"WebSite\",\"@id\":\"https:\\\/\\\/groupebaronello.com\\\/fr\\\/#website\",\"url\":\"https:\\\/\\\/groupebaronello.com\\\/fr\\\/\",\"name\":\"Groupe Baronello\",\"description\":\"Courtiers Immobilier - Real Estate Agents\",\"publisher\":{\"@id\":\"https:\\\/\\\/groupebaronello.com\\\/fr\\\/#organization\"},\"potentialAction\":[{\"@type\":\"SearchAction\",\"target\":{\"@type\":\"EntryPoint\",\"urlTemplate\":\"https:\\\/\\\/groupebaronello.com\\\/fr\\\/?s={search_term_string}\"},\"query-input\":{\"@type\":\"PropertyValueSpecification\",\"valueRequired\":true,\"valueName\":\"search_term_string\"}}],\"inLanguage\":\"fr-FR\"},{\"@type\":\"Organization\",\"@id\":\"https:\\\/\\\/groupebaronello.com\\\/fr\\\/#organization\",\"name\":\"Groupe Baronello\",\"url\":\"https:\\\/\\\/groupebaronello.com\\\/fr\\\/\",\"logo\":{\"@type\":\"ImageObject\",\"inLanguage\":\"fr-FR\",\"@id\":\"https:\\\/\\\/groupebaronello.com\\\/fr\\\/#\\\/schema\\\/logo\\\/image\\\/\",\"url\":null,\"contentUrl\":null,\"width\":null,\"height\":null,\"caption\":\"Groupe Baronello\"},\"image\":{\"@id\":\"https:\\\/\\\/groupebaronello.com\\\/fr\\\/#\\\/schema\\\/logo\\\/image\\\/\"}},{\"@type\":\"Person\",\"@id\":\"https:\\\/\\\/groupebaronello.com\\\/fr\\\/#\\\/schema\\\/person\\\/3866f599e17139b0bd7813f886dc0780\",\"name\":\"gb_admin\",\"image\":{\"@type\":\"ImageObject\",\"inLanguage\":\"fr-FR\",\"@id\":\"https:\\\/\\\/secure.gravatar.com\\\/avatar\\\/d35f2f7e26219aa1a6d8db58988a9d61398c6a6ff0d4cf0a840b33a0b43f56d9?s=96&d=mm&r=g\",\"url\":\"https:\\\/\\\/secure.gravatar.com\\\/avatar\\\/d35f2f7e26219aa1a6d8db58988a9d61398c6a6ff0d4cf0a840b33a0b43f56d9?s=96&d=mm&r=g\",\"contentUrl\":\"https:\\\/\\\/secure.gravatar.com\\\/avatar\\\/d35f2f7e26219aa1a6d8db58988a9d61398c6a6ff0d4cf0a840b33a0b43f56d9?s=96&d=mm&r=g\",\"caption\":\"gb_admin\"}}]}<\/script>\n<!-- \/ Yoast SEO plugin. -->","yoast_head_json":{"title":"L'Ontario fait face \u00e0 un probl\u00e8me qui, selon moi, aurait d\u00e9j\u00e0 d\u00fb se poser au Qu\u00e9bec, et nous voulons savoir ce que vous en pensez ! - Groupe Baronello","robots":{"index":"index","follow":"follow","max-snippet":"max-snippet:-1","max-image-preview":"max-image-preview:large","max-video-preview":"max-video-preview:-1"},"canonical":"https:\/\/groupebaronello.com\/fr\/ontario-is-facing-a-problem-that-i-think-quebec-should-have-faced-by-now-and-we-want-to-know-what-you-think\/","og_locale":"fr_FR","og_type":"article","og_title":"L'Ontario fait face \u00e0 un probl\u00e8me qui, selon moi, aurait d\u00e9j\u00e0 d\u00fb se poser au Qu\u00e9bec, et nous voulons savoir ce que vous en pensez ! - Groupe Baronello","og_description":"En ce moment, l&rsquo;Ontario fait face \u00e0 une certaine pression de la part de ses citoyens, des conseillers municipaux et d&rsquo;autres personnes pour mettre \u00e0 jour les lois de zonage et changer les terres agricoles ou les terres de ferme en zone r\u00e9sidentielle pour permettre plus de construction, ce qui stabilisent le march\u00e9. Le Qu\u00e9bec [...]","og_url":"https:\/\/groupebaronello.com\/fr\/ontario-is-facing-a-problem-that-i-think-quebec-should-have-faced-by-now-and-we-want-to-know-what-you-think\/","og_site_name":"Groupe Baronello","article_published_time":"2021-12-15T01:12:46+00:00","article_modified_time":"2025-10-22T13:56:40+00:00","og_image":[{"width":900,"height":507,"url":"https:\/\/groupebaronello.com\/wp-content\/uploads\/2021\/12\/Blog_1.jpeg","type":"image\/jpeg"}],"author":"gb_admin","twitter_card":"summary_large_image","twitter_misc":{"\u00c9crit par":"gb_admin","Dur\u00e9e de lecture estim\u00e9e":"1 minute"},"schema":{"@context":"https:\/\/schema.org","@graph":[{"@type":"Article","@id":"https:\/\/groupebaronello.com\/fr\/ontario-is-facing-a-problem-that-i-think-quebec-should-have-faced-by-now-and-we-want-to-know-what-you-think\/#article","isPartOf":{"@id":"https:\/\/groupebaronello.com\/fr\/ontario-is-facing-a-problem-that-i-think-quebec-should-have-faced-by-now-and-we-want-to-know-what-you-think\/"},"author":{"name":"gb_admin","@id":"https:\/\/groupebaronello.com\/fr\/#\/schema\/person\/3866f599e17139b0bd7813f886dc0780"},"headline":"L&rsquo;Ontario fait face \u00e0 un probl\u00e8me qui, selon moi, aurait d\u00e9j\u00e0 d\u00fb se poser au Qu\u00e9bec, et nous voulons savoir ce que vous en pensez !","datePublished":"2021-12-15T01:12:46+00:00","dateModified":"2025-10-22T13:56:40+00:00","mainEntityOfPage":{"@id":"https:\/\/groupebaronello.com\/fr\/ontario-is-facing-a-problem-that-i-think-quebec-should-have-faced-by-now-and-we-want-to-know-what-you-think\/"},"wordCount":230,"publisher":{"@id":"https:\/\/groupebaronello.com\/fr\/#organization"},"image":{"@id":"https:\/\/groupebaronello.com\/fr\/ontario-is-facing-a-problem-that-i-think-quebec-should-have-faced-by-now-and-we-want-to-know-what-you-think\/#primaryimage"},"thumbnailUrl":"https:\/\/groupebaronello.com\/wp-content\/uploads\/2021\/12\/Blog_1.jpeg","articleSection":["Non cat\u00e9goris\u00e9"],"inLanguage":"fr-FR"},{"@type":"WebPage","@id":"https:\/\/groupebaronello.com\/fr\/ontario-is-facing-a-problem-that-i-think-quebec-should-have-faced-by-now-and-we-want-to-know-what-you-think\/","url":"https:\/\/groupebaronello.com\/fr\/ontario-is-facing-a-problem-that-i-think-quebec-should-have-faced-by-now-and-we-want-to-know-what-you-think\/","name":"L'Ontario fait face \u00e0 un probl\u00e8me qui, selon moi, aurait d\u00e9j\u00e0 d\u00fb se poser au Qu\u00e9bec, et nous voulons savoir ce que vous en pensez ! - Groupe Baronello","isPartOf":{"@id":"https:\/\/groupebaronello.com\/fr\/#website"},"primaryImageOfPage":{"@id":"https:\/\/groupebaronello.com\/fr\/ontario-is-facing-a-problem-that-i-think-quebec-should-have-faced-by-now-and-we-want-to-know-what-you-think\/#primaryimage"},"image":{"@id":"https:\/\/groupebaronello.com\/fr\/ontario-is-facing-a-problem-that-i-think-quebec-should-have-faced-by-now-and-we-want-to-know-what-you-think\/#primaryimage"},"thumbnailUrl":"https:\/\/groupebaronello.com\/wp-content\/uploads\/2021\/12\/Blog_1.jpeg","datePublished":"2021-12-15T01:12:46+00:00","dateModified":"2025-10-22T13:56:40+00:00","breadcrumb":{"@id":"https:\/\/groupebaronello.com\/fr\/ontario-is-facing-a-problem-that-i-think-quebec-should-have-faced-by-now-and-we-want-to-know-what-you-think\/#breadcrumb"},"inLanguage":"fr-FR","potentialAction":[{"@type":"ReadAction","target":["https:\/\/groupebaronello.com\/fr\/ontario-is-facing-a-problem-that-i-think-quebec-should-have-faced-by-now-and-we-want-to-know-what-you-think\/"]}]},{"@type":"ImageObject","inLanguage":"fr-FR","@id":"https:\/\/groupebaronello.com\/fr\/ontario-is-facing-a-problem-that-i-think-quebec-should-have-faced-by-now-and-we-want-to-know-what-you-think\/#primaryimage","url":"https:\/\/groupebaronello.com\/wp-content\/uploads\/2021\/12\/Blog_1.jpeg","contentUrl":"https:\/\/groupebaronello.com\/wp-content\/uploads\/2021\/12\/Blog_1.jpeg","width":900,"height":507},{"@type":"BreadcrumbList","@id":"https:\/\/groupebaronello.com\/fr\/ontario-is-facing-a-problem-that-i-think-quebec-should-have-faced-by-now-and-we-want-to-know-what-you-think\/#breadcrumb","itemListElement":[{"@type":"ListItem","position":1,"name":"Home","item":"https:\/\/groupebaronello.com\/"},{"@type":"ListItem","position":2,"name":"L&#8217;Ontario fait face \u00e0 un probl\u00e8me qui, selon moi, aurait d\u00e9j\u00e0 d\u00fb se poser au Qu\u00e9bec, et nous voulons savoir ce que vous en pensez !"}]},{"@type":"WebSite","@id":"https:\/\/groupebaronello.com\/fr\/#website","url":"https:\/\/groupebaronello.com\/fr\/","name":"Groupe Baronello","description":"Courtiers Immobilier - Real Estate Agents","publisher":{"@id":"https:\/\/groupebaronello.com\/fr\/#organization"},"potentialAction":[{"@type":"SearchAction","target":{"@type":"EntryPoint","urlTemplate":"https:\/\/groupebaronello.com\/fr\/?s={search_term_string}"},"query-input":{"@type":"PropertyValueSpecification","valueRequired":true,"valueName":"search_term_string"}}],"inLanguage":"fr-FR"},{"@type":"Organization","@id":"https:\/\/groupebaronello.com\/fr\/#organization","name":"Groupe Baronello","url":"https:\/\/groupebaronello.com\/fr\/","logo":{"@type":"ImageObject","inLanguage":"fr-FR","@id":"https:\/\/groupebaronello.com\/fr\/#\/schema\/logo\/image\/","url":null,"contentUrl":null,"width":null,"height":null,"caption":"Groupe Baronello"},"image":{"@id":"https:\/\/groupebaronello.com\/fr\/#\/schema\/logo\/image\/"}},{"@type":"Person","@id":"https:\/\/groupebaronello.com\/fr\/#\/schema\/person\/3866f599e17139b0bd7813f886dc0780","name":"gb_admin","image":{"@type":"ImageObject","inLanguage":"fr-FR","@id":"https:\/\/secure.gravatar.com\/avatar\/d35f2f7e26219aa1a6d8db58988a9d61398c6a6ff0d4cf0a840b33a0b43f56d9?s=96&d=mm&r=g","url":"https:\/\/secure.gravatar.com\/avatar\/d35f2f7e26219aa1a6d8db58988a9d61398c6a6ff0d4cf0a840b33a0b43f56d9?s=96&d=mm&r=g","contentUrl":"https:\/\/secure.gravatar.com\/avatar\/d35f2f7e26219aa1a6d8db58988a9d61398c6a6ff0d4cf0a840b33a0b43f56d9?s=96&d=mm&r=g","caption":"gb_admin"}}]}},"_links":{"self":[{"href":"https:\/\/groupebaronello.com\/fr\/wp-json\/wp\/v2\/posts\/545661","targetHints":{"allow":["GET"]}}],"collection":[{"href":"https:\/\/groupebaronello.com\/fr\/wp-json\/wp\/v2\/posts"}],"about":[{"href":"https:\/\/groupebaronello.com\/fr\/wp-json\/wp\/v2\/types\/post"}],"author":[{"embeddable":true,"href":"https:\/\/groupebaronello.com\/fr\/wp-json\/wp\/v2\/users\/2"}],"replies":[{"embeddable":true,"href":"https:\/\/groupebaronello.com\/fr\/wp-json\/wp\/v2\/comments?post=545661"}],"version-history":[{"count":1,"href":"https:\/\/groupebaronello.com\/fr\/wp-json\/wp\/v2\/posts\/545661\/revisions"}],"predecessor-version":[{"id":4885194,"href":"https:\/\/groupebaronello.com\/fr\/wp-json\/wp\/v2\/posts\/545661\/revisions\/4885194"}],"wp:featuredmedia":[{"embeddable":true,"href":"https:\/\/groupebaronello.com\/fr\/wp-json\/wp\/v2\/media\/545658"}],"wp:attachment":[{"href":"https:\/\/groupebaronello.com\/fr\/wp-json\/wp\/v2\/media?parent=545661"}],"wp:term":[{"taxonomy":"category","embeddable":true,"href":"https:\/\/groupebaronello.com\/fr\/wp-json\/wp\/v2\/categories?post=545661"},{"taxonomy":"post_tag","embeddable":true,"href":"https:\/\/groupebaronello.com\/fr\/wp-json\/wp\/v2\/tags?post=545661"}],"curies":[{"name":"wp","href":"https:\/\/api.w.org\/{rel}","templated":true}]}}