{"id":4882458,"date":"2025-03-04T14:38:34","date_gmt":"2025-03-04T14:38:34","guid":{"rendered":"https:\/\/gbo.pixoverstudios.com\/?p=4882458"},"modified":"2025-10-22T12:21:21","modified_gmt":"2025-10-22T12:21:21","slug":"le-projet-de-loi-16-et-le-marche-immobilier-quebecois-ce-quil-faut-savoir","status":"publish","type":"post","link":"https:\/\/groupebaronello.com\/fr\/le-projet-de-loi-16-et-le-marche-immobilier-quebecois-ce-quil-faut-savoir\/","title":{"rendered":"Le projet de loi 16 et le march\u00e9 immobilier qu\u00e9b\u00e9cois : Ce qu&rsquo;il faut savoir"},"content":{"rendered":"<p>En d\u00e9cembre 2019, le Qu\u00e9bec a pr\u00e9sent\u00e9 le projet de loi 16, visant \u00e0 am\u00e9liorer la gestion des copropri\u00e9t\u00e9s \u00e0 travers la province. Cette r\u00e9forme importante a un impact sur les acheteurs potentiels, les propri\u00e9taires actuels et les investisseurs impliqu\u00e9s dans des propri\u00e9t\u00e9s en copropri\u00e9t\u00e9 divise. Explorons comment le projet de loi 16 influence le march\u00e9 immobilier.<\/p>\n<p>Qu&rsquo;est-ce que la loi 16 ?<\/p>\n<p>La croissance rapide du march\u00e9 de l&rsquo;immobilier au Qu\u00e9bec a mis en lumi\u00e8re les d\u00e9fis li\u00e9s \u00e0 la gestion des copropri\u00e9t\u00e9s, notamment les pr\u00e9occupations concernant les frais de copropri\u00e9t\u00e9 disproportionn\u00e9s et le manque de transparence dans la gestion des fonds. Pour r\u00e9soudre ces probl\u00e8mes, la loi 16 a \u00e9t\u00e9 adopt\u00e9e afin d&rsquo;\u00e9tablir des r\u00e8gles plus claires et de renforcer la protection des copropri\u00e9taires. Notamment, un m\u00e9nage qu\u00e9b\u00e9cois sur neuf r\u00e9side dans un immeuble en copropri\u00e9t\u00e9, ce chiffre atteignant un sur cinq \u00e0 Montr\u00e9al.<\/p>\n<p>Objectifs du projet de loi 16<\/p>\n<p>Le projet de loi 16 vise \u00e0<\/p>\n<p>&#8211; Am\u00e9liorer les pratiques de gestion immobili\u00e8re.<\/p>\n<p>&#8211; Prot\u00e9ger les int\u00e9r\u00eats des copropri\u00e9taires.<\/p>\n<p>&#8211; Am\u00e9liorer la transparence et la gouvernance au sein des syndicats de copropri\u00e9t\u00e9.<\/p>\n<p>En mettant l&rsquo;accent sur la pr\u00e9vention et la planification \u00e0 long terme, le projet de loi vise \u00e0 r\u00e9duire les risques de litiges et \u00e0 assurer la p\u00e9rennit\u00e9 et la valeur des copropri\u00e9t\u00e9s. Certaines dispositions sont d\u00e9j\u00e0 en vigueur, tandis que d&rsquo;autres seront mises en \u0153uvre en 2025.<\/p>\n<p>Principales mesures introduites par le projet de loi 16<\/p>\n<p>1. Carnet d&rsquo;entretien<\/p>\n<p>Document obligatoire dans lequel sont consign\u00e9es toutes les activit\u00e9s d&rsquo;entretien et de r\u00e9paration pass\u00e9es et \u00e0 venir. Pr\u00e9par\u00e9 par un professionnel qualifi\u00e9 et mis \u00e0 jour annuellement, il facilite la planification des r\u00e9novations, pr\u00e9vient les impr\u00e9vus et assure une gestion transparente.<\/p>\n<p>2. \u00c9tude du fonds de pr\u00e9voyance<\/p>\n<p>R\u00e9alis\u00e9e par des professionnels et r\u00e9guli\u00e8rement mise \u00e0 jour, cette analyse permet d&rsquo;estimer les co\u00fbts des r\u00e9parations majeures dans les parties communes \u00e0 court, moyen et long terme. Elle d\u00e9termine le fonds de pr\u00e9voyance n\u00e9cessaire pour assurer les r\u00e9parations en temps voulu et aide les copropri\u00e9taires \u00e0 entretenir le bien, en \u00e9vitant sa d\u00e9t\u00e9rioration.<\/p>\n<p>3. Certificat de syndicat<\/p>\n<p>Ce certificat fournit aux acheteurs potentiels des d\u00e9tails sur l&rsquo;\u00e9tat de l&rsquo;immeuble, la sant\u00e9 financi\u00e8re du syndicat et les polices d&rsquo;assurance en vigueur. Il doit \u00eatre fourni dans les 15 jours suivant la demande d&rsquo;un copropri\u00e9taire de vendre sa partie privative, ce qui permet de prendre des d\u00e9cisions en connaissance de cause.<\/p>\n<p>4. Protection des d\u00e9p\u00f4ts pour les nouveaux immeubles en copropri\u00e9t\u00e9<\/p>\n<p>Le projet de loi 16 introduit une protection des d\u00e9p\u00f4ts par le biais de comptes fiduciaires, garantissant les acomptes vers\u00e9s pour l&rsquo;achat de nouveaux condominiums en cas de d\u00e9faillance du promoteur. Cette mesure offre une protection juridique suppl\u00e9mentaire et r\u00e9duit les risques financiers pour les nouveaux propri\u00e9taires.<\/p>\n<p>Impacts sur le march\u00e9 de l&rsquo;immobilier r\u00e9sidentiel<\/p>\n<p>&#8211; Am\u00e9lioration de la gestion des copropri\u00e9t\u00e9s<\/p>\n<p>Une meilleure transparence financi\u00e8re et une planification proactive de l&rsquo;entretien peuvent renforcer la confiance des acheteurs et des investisseurs. Le fait de savoir que les biens immobiliers sont bien g\u00e9r\u00e9s et que des fonds sont disponibles pour les r\u00e9parations n\u00e9cessaires rend les copropri\u00e9t\u00e9s plus attrayantes et plus abordables pour un plus grand nombre d&rsquo;acheteurs.<\/p>\n<p>&#8211; Augmentation \u00e0 court terme des charges de copropri\u00e9t\u00e9<\/p>\n<p>La mise en \u0153uvre d&rsquo;une gestion financi\u00e8re rigoureuse et d&rsquo;une planification de l&rsquo;entretien peut entra\u00eener une augmentation des charges de copropri\u00e9t\u00e9 \u00e0 court terme. Par exemple, les charges de copropri\u00e9t\u00e9 annuelles moyennes au Qu\u00e9bec sont pass\u00e9es de 2 656 $ en 2020 \u00e0 3 713 $ en 2024, ce qui t\u00e9moigne d&rsquo;une adaptation proactive aux obligations l\u00e9gales futures.<\/p>\n<p>&#8211; Impact sur les nouvelles copropri\u00e9t\u00e9s<\/p>\n<p>Les mesures de protection des d\u00e9p\u00f4ts pourraient encourager un plus grand nombre de personnes \u00e0 acheter de nouveaux condominiums, ce qui stimulerait la demande de nouveaux projets immobiliers et soutiendrait la croissance du march\u00e9. De plus, des \u00e9tudes r\u00e9guli\u00e8res des fonds de pr\u00e9voyance et une gestion proactive des immeubles peuvent am\u00e9liorer la stabilit\u00e9 financi\u00e8re des syndicats de copropri\u00e9t\u00e9, r\u00e9duisant ainsi le risque d&rsquo;insolvabilit\u00e9.<\/p>\n<p>Le projet de loi 16 repr\u00e9sente une avanc\u00e9e significative pour le march\u00e9 de la copropri\u00e9t\u00e9 au Qu\u00e9bec. Bien qu&rsquo;elle pr\u00e9sente des d\u00e9fis \u00e0 court terme, tels que l&rsquo;augmentation potentielle des charges de copropri\u00e9t\u00e9, l&rsquo;accent mis sur des pratiques de gestion immobili\u00e8re transparentes et rigoureuses promet des avantages \u00e0 long terme. Il est essentiel que les acheteurs, les propri\u00e9taires et les investisseurs comprennent ces changements pour se pr\u00e9parer \u00e0 la mise en \u0153uvre de la loi et tirer pleinement parti de ses avantages. Il est conseill\u00e9 aux acheteurs potentiels de condominiums de travailler avec des courtiers immobiliers pour \u00e9valuer la sant\u00e9 financi\u00e8re des propri\u00e9t\u00e9s.<\/p>\n","protected":false},"excerpt":{"rendered":"<p>En d\u00e9cembre 2019, le Qu\u00e9bec a pr\u00e9sent\u00e9 le projet de loi 16, visant \u00e0 am\u00e9liorer la gestion des copropri\u00e9t\u00e9s \u00e0 travers la province. Cette r\u00e9forme importante a un impact sur les acheteurs potentiels, les propri\u00e9taires actuels et les investisseurs impliqu\u00e9s dans des propri\u00e9t\u00e9s en copropri\u00e9t\u00e9 divise. Explorons comment le projet de loi 16 influence le [&#8230;]\n","protected":false},"author":2,"featured_media":4885305,"comment_status":"closed","ping_status":"closed","sticky":false,"template":"","format":"standard","meta":{"_acf_changed":false,"footnotes":""},"categories":[4],"tags":[],"class_list":["post-4882458","post","type-post","status-publish","format-standard","has-post-thumbnail","hentry","category-non-categorise"],"acf":[],"yoast_head":"<!-- This site is optimized with the Yoast SEO plugin v27.4 - https:\/\/yoast.com\/product\/yoast-seo-wordpress\/ -->\n<title>Le projet de loi 16 et le march\u00e9 immobilier qu\u00e9b\u00e9cois : Ce qu&#039;il faut savoir - Groupe Baronello<\/title>\n<meta name=\"robots\" content=\"index, follow, max-snippet:-1, max-image-preview:large, max-video-preview:-1\" \/>\n<link rel=\"canonical\" href=\"https:\/\/groupebaronello.com\/bill-16-and-quebecs-real-estate-market-what-you-need-to-know\/\" \/>\n<meta property=\"og:locale\" content=\"fr_FR\" \/>\n<meta property=\"og:type\" content=\"article\" \/>\n<meta property=\"og:title\" content=\"Le projet de loi 16 et le march\u00e9 immobilier qu\u00e9b\u00e9cois : Ce qu&#039;il faut savoir - Groupe Baronello\" \/>\n<meta property=\"og:description\" content=\"En d\u00e9cembre 2019, le Qu\u00e9bec a pr\u00e9sent\u00e9 le projet de loi 16, visant \u00e0 am\u00e9liorer la gestion des copropri\u00e9t\u00e9s \u00e0 travers la province. Cette r\u00e9forme importante a un impact sur les acheteurs potentiels, les propri\u00e9taires actuels et les investisseurs impliqu\u00e9s dans des propri\u00e9t\u00e9s en copropri\u00e9t\u00e9 divise. Explorons comment le projet de loi 16 influence le [...]\" \/>\n<meta property=\"og:url\" content=\"https:\/\/groupebaronello.com\/bill-16-and-quebecs-real-estate-market-what-you-need-to-know\/\" \/>\n<meta property=\"og:site_name\" content=\"Groupe Baronello\" \/>\n<meta property=\"article:published_time\" content=\"2025-03-04T14:38:34+00:00\" \/>\n<meta property=\"article:modified_time\" content=\"2025-10-22T12:21:21+00:00\" \/>\n<meta property=\"og:image\" content=\"https:\/\/groupebaronello.com\/wp-content\/uploads\/2025\/03\/pexels-marketingtuig-87223.jpg\" \/>\n\t<meta property=\"og:image:width\" content=\"1024\" \/>\n\t<meta property=\"og:image:height\" content=\"620\" \/>\n\t<meta property=\"og:image:type\" content=\"image\/jpeg\" \/>\n<meta name=\"author\" content=\"gb_admin\" \/>\n<meta name=\"twitter:card\" content=\"summary_large_image\" \/>\n<meta name=\"twitter:label1\" content=\"\u00c9crit par\" \/>\n\t<meta name=\"twitter:data1\" content=\"gb_admin\" \/>\n\t<meta name=\"twitter:label2\" content=\"Dur\u00e9e de lecture estim\u00e9e\" \/>\n\t<meta name=\"twitter:data2\" content=\"4 minutes\" \/>\n<script type=\"application\/ld+json\" class=\"yoast-schema-graph\">{\"@context\":\"https:\\\/\\\/schema.org\",\"@graph\":[{\"@type\":\"Article\",\"@id\":\"https:\\\/\\\/groupebaronello.com\\\/bill-16-and-quebecs-real-estate-market-what-you-need-to-know\\\/#article\",\"isPartOf\":{\"@id\":\"https:\\\/\\\/groupebaronello.com\\\/bill-16-and-quebecs-real-estate-market-what-you-need-to-know\\\/\"},\"author\":{\"name\":\"gb_admin\",\"@id\":\"https:\\\/\\\/groupebaronello.com\\\/fr\\\/#\\\/schema\\\/person\\\/3866f599e17139b0bd7813f886dc0780\"},\"headline\":\"Le projet de loi 16 et le march\u00e9 immobilier qu\u00e9b\u00e9cois : Ce qu&rsquo;il faut savoir\",\"datePublished\":\"2025-03-04T14:38:34+00:00\",\"dateModified\":\"2025-10-22T12:21:21+00:00\",\"mainEntityOfPage\":{\"@id\":\"https:\\\/\\\/groupebaronello.com\\\/bill-16-and-quebecs-real-estate-market-what-you-need-to-know\\\/\"},\"wordCount\":887,\"publisher\":{\"@id\":\"https:\\\/\\\/groupebaronello.com\\\/fr\\\/#organization\"},\"image\":{\"@id\":\"https:\\\/\\\/groupebaronello.com\\\/bill-16-and-quebecs-real-estate-market-what-you-need-to-know\\\/#primaryimage\"},\"thumbnailUrl\":\"https:\\\/\\\/groupebaronello.com\\\/wp-content\\\/uploads\\\/2025\\\/03\\\/pexels-marketingtuig-87223.jpg\",\"articleSection\":[\"Non cat\u00e9goris\u00e9\"],\"inLanguage\":\"fr-FR\"},{\"@type\":\"WebPage\",\"@id\":\"https:\\\/\\\/groupebaronello.com\\\/bill-16-and-quebecs-real-estate-market-what-you-need-to-know\\\/\",\"url\":\"https:\\\/\\\/groupebaronello.com\\\/bill-16-and-quebecs-real-estate-market-what-you-need-to-know\\\/\",\"name\":\"Le projet de loi 16 et le march\u00e9 immobilier qu\u00e9b\u00e9cois : Ce qu'il faut savoir - Groupe Baronello\",\"isPartOf\":{\"@id\":\"https:\\\/\\\/groupebaronello.com\\\/fr\\\/#website\"},\"primaryImageOfPage\":{\"@id\":\"https:\\\/\\\/groupebaronello.com\\\/bill-16-and-quebecs-real-estate-market-what-you-need-to-know\\\/#primaryimage\"},\"image\":{\"@id\":\"https:\\\/\\\/groupebaronello.com\\\/bill-16-and-quebecs-real-estate-market-what-you-need-to-know\\\/#primaryimage\"},\"thumbnailUrl\":\"https:\\\/\\\/groupebaronello.com\\\/wp-content\\\/uploads\\\/2025\\\/03\\\/pexels-marketingtuig-87223.jpg\",\"datePublished\":\"2025-03-04T14:38:34+00:00\",\"dateModified\":\"2025-10-22T12:21:21+00:00\",\"breadcrumb\":{\"@id\":\"https:\\\/\\\/groupebaronello.com\\\/bill-16-and-quebecs-real-estate-market-what-you-need-to-know\\\/#breadcrumb\"},\"inLanguage\":\"fr-FR\",\"potentialAction\":[{\"@type\":\"ReadAction\",\"target\":[\"https:\\\/\\\/groupebaronello.com\\\/bill-16-and-quebecs-real-estate-market-what-you-need-to-know\\\/\"]}]},{\"@type\":\"ImageObject\",\"inLanguage\":\"fr-FR\",\"@id\":\"https:\\\/\\\/groupebaronello.com\\\/bill-16-and-quebecs-real-estate-market-what-you-need-to-know\\\/#primaryimage\",\"url\":\"https:\\\/\\\/groupebaronello.com\\\/wp-content\\\/uploads\\\/2025\\\/03\\\/pexels-marketingtuig-87223.jpg\",\"contentUrl\":\"https:\\\/\\\/groupebaronello.com\\\/wp-content\\\/uploads\\\/2025\\\/03\\\/pexels-marketingtuig-87223.jpg\",\"width\":1024,\"height\":620},{\"@type\":\"BreadcrumbList\",\"@id\":\"https:\\\/\\\/groupebaronello.com\\\/bill-16-and-quebecs-real-estate-market-what-you-need-to-know\\\/#breadcrumb\",\"itemListElement\":[{\"@type\":\"ListItem\",\"position\":1,\"name\":\"Home\",\"item\":\"https:\\\/\\\/groupebaronello.com\\\/\"},{\"@type\":\"ListItem\",\"position\":2,\"name\":\"Le projet de loi 16 et le march\u00e9 immobilier qu\u00e9b\u00e9cois : Ce qu&#8217;il faut savoir\"}]},{\"@type\":\"WebSite\",\"@id\":\"https:\\\/\\\/groupebaronello.com\\\/fr\\\/#website\",\"url\":\"https:\\\/\\\/groupebaronello.com\\\/fr\\\/\",\"name\":\"Groupe Baronello\",\"description\":\"Courtiers Immobilier - Real Estate Agents\",\"publisher\":{\"@id\":\"https:\\\/\\\/groupebaronello.com\\\/fr\\\/#organization\"},\"potentialAction\":[{\"@type\":\"SearchAction\",\"target\":{\"@type\":\"EntryPoint\",\"urlTemplate\":\"https:\\\/\\\/groupebaronello.com\\\/fr\\\/?s={search_term_string}\"},\"query-input\":{\"@type\":\"PropertyValueSpecification\",\"valueRequired\":true,\"valueName\":\"search_term_string\"}}],\"inLanguage\":\"fr-FR\"},{\"@type\":\"Organization\",\"@id\":\"https:\\\/\\\/groupebaronello.com\\\/fr\\\/#organization\",\"name\":\"Groupe Baronello\",\"url\":\"https:\\\/\\\/groupebaronello.com\\\/fr\\\/\",\"logo\":{\"@type\":\"ImageObject\",\"inLanguage\":\"fr-FR\",\"@id\":\"https:\\\/\\\/groupebaronello.com\\\/fr\\\/#\\\/schema\\\/logo\\\/image\\\/\",\"url\":null,\"contentUrl\":null,\"width\":null,\"height\":null,\"caption\":\"Groupe Baronello\"},\"image\":{\"@id\":\"https:\\\/\\\/groupebaronello.com\\\/fr\\\/#\\\/schema\\\/logo\\\/image\\\/\"}},{\"@type\":\"Person\",\"@id\":\"https:\\\/\\\/groupebaronello.com\\\/fr\\\/#\\\/schema\\\/person\\\/3866f599e17139b0bd7813f886dc0780\",\"name\":\"gb_admin\",\"image\":{\"@type\":\"ImageObject\",\"inLanguage\":\"fr-FR\",\"@id\":\"https:\\\/\\\/secure.gravatar.com\\\/avatar\\\/d35f2f7e26219aa1a6d8db58988a9d61398c6a6ff0d4cf0a840b33a0b43f56d9?s=96&d=mm&r=g\",\"url\":\"https:\\\/\\\/secure.gravatar.com\\\/avatar\\\/d35f2f7e26219aa1a6d8db58988a9d61398c6a6ff0d4cf0a840b33a0b43f56d9?s=96&d=mm&r=g\",\"contentUrl\":\"https:\\\/\\\/secure.gravatar.com\\\/avatar\\\/d35f2f7e26219aa1a6d8db58988a9d61398c6a6ff0d4cf0a840b33a0b43f56d9?s=96&d=mm&r=g\",\"caption\":\"gb_admin\"}}]}<\/script>\n<!-- \/ Yoast SEO plugin. -->","yoast_head_json":{"title":"Le projet de loi 16 et le march\u00e9 immobilier qu\u00e9b\u00e9cois : Ce qu'il faut savoir - Groupe Baronello","robots":{"index":"index","follow":"follow","max-snippet":"max-snippet:-1","max-image-preview":"max-image-preview:large","max-video-preview":"max-video-preview:-1"},"canonical":"https:\/\/groupebaronello.com\/bill-16-and-quebecs-real-estate-market-what-you-need-to-know\/","og_locale":"fr_FR","og_type":"article","og_title":"Le projet de loi 16 et le march\u00e9 immobilier qu\u00e9b\u00e9cois : Ce qu'il faut savoir - Groupe Baronello","og_description":"En d\u00e9cembre 2019, le Qu\u00e9bec a pr\u00e9sent\u00e9 le projet de loi 16, visant \u00e0 am\u00e9liorer la gestion des copropri\u00e9t\u00e9s \u00e0 travers la province. Cette r\u00e9forme importante a un impact sur les acheteurs potentiels, les propri\u00e9taires actuels et les investisseurs impliqu\u00e9s dans des propri\u00e9t\u00e9s en copropri\u00e9t\u00e9 divise. Explorons comment le projet de loi 16 influence le [...]","og_url":"https:\/\/groupebaronello.com\/bill-16-and-quebecs-real-estate-market-what-you-need-to-know\/","og_site_name":"Groupe Baronello","article_published_time":"2025-03-04T14:38:34+00:00","article_modified_time":"2025-10-22T12:21:21+00:00","og_image":[{"width":1024,"height":620,"url":"https:\/\/groupebaronello.com\/wp-content\/uploads\/2025\/03\/pexels-marketingtuig-87223.jpg","type":"image\/jpeg"}],"author":"gb_admin","twitter_card":"summary_large_image","twitter_misc":{"\u00c9crit par":"gb_admin","Dur\u00e9e de lecture estim\u00e9e":"4 minutes"},"schema":{"@context":"https:\/\/schema.org","@graph":[{"@type":"Article","@id":"https:\/\/groupebaronello.com\/bill-16-and-quebecs-real-estate-market-what-you-need-to-know\/#article","isPartOf":{"@id":"https:\/\/groupebaronello.com\/bill-16-and-quebecs-real-estate-market-what-you-need-to-know\/"},"author":{"name":"gb_admin","@id":"https:\/\/groupebaronello.com\/fr\/#\/schema\/person\/3866f599e17139b0bd7813f886dc0780"},"headline":"Le projet de loi 16 et le march\u00e9 immobilier qu\u00e9b\u00e9cois : Ce qu&rsquo;il faut savoir","datePublished":"2025-03-04T14:38:34+00:00","dateModified":"2025-10-22T12:21:21+00:00","mainEntityOfPage":{"@id":"https:\/\/groupebaronello.com\/bill-16-and-quebecs-real-estate-market-what-you-need-to-know\/"},"wordCount":887,"publisher":{"@id":"https:\/\/groupebaronello.com\/fr\/#organization"},"image":{"@id":"https:\/\/groupebaronello.com\/bill-16-and-quebecs-real-estate-market-what-you-need-to-know\/#primaryimage"},"thumbnailUrl":"https:\/\/groupebaronello.com\/wp-content\/uploads\/2025\/03\/pexels-marketingtuig-87223.jpg","articleSection":["Non cat\u00e9goris\u00e9"],"inLanguage":"fr-FR"},{"@type":"WebPage","@id":"https:\/\/groupebaronello.com\/bill-16-and-quebecs-real-estate-market-what-you-need-to-know\/","url":"https:\/\/groupebaronello.com\/bill-16-and-quebecs-real-estate-market-what-you-need-to-know\/","name":"Le projet de loi 16 et le march\u00e9 immobilier qu\u00e9b\u00e9cois : Ce qu'il faut savoir - Groupe Baronello","isPartOf":{"@id":"https:\/\/groupebaronello.com\/fr\/#website"},"primaryImageOfPage":{"@id":"https:\/\/groupebaronello.com\/bill-16-and-quebecs-real-estate-market-what-you-need-to-know\/#primaryimage"},"image":{"@id":"https:\/\/groupebaronello.com\/bill-16-and-quebecs-real-estate-market-what-you-need-to-know\/#primaryimage"},"thumbnailUrl":"https:\/\/groupebaronello.com\/wp-content\/uploads\/2025\/03\/pexels-marketingtuig-87223.jpg","datePublished":"2025-03-04T14:38:34+00:00","dateModified":"2025-10-22T12:21:21+00:00","breadcrumb":{"@id":"https:\/\/groupebaronello.com\/bill-16-and-quebecs-real-estate-market-what-you-need-to-know\/#breadcrumb"},"inLanguage":"fr-FR","potentialAction":[{"@type":"ReadAction","target":["https:\/\/groupebaronello.com\/bill-16-and-quebecs-real-estate-market-what-you-need-to-know\/"]}]},{"@type":"ImageObject","inLanguage":"fr-FR","@id":"https:\/\/groupebaronello.com\/bill-16-and-quebecs-real-estate-market-what-you-need-to-know\/#primaryimage","url":"https:\/\/groupebaronello.com\/wp-content\/uploads\/2025\/03\/pexels-marketingtuig-87223.jpg","contentUrl":"https:\/\/groupebaronello.com\/wp-content\/uploads\/2025\/03\/pexels-marketingtuig-87223.jpg","width":1024,"height":620},{"@type":"BreadcrumbList","@id":"https:\/\/groupebaronello.com\/bill-16-and-quebecs-real-estate-market-what-you-need-to-know\/#breadcrumb","itemListElement":[{"@type":"ListItem","position":1,"name":"Home","item":"https:\/\/groupebaronello.com\/"},{"@type":"ListItem","position":2,"name":"Le projet de loi 16 et le march\u00e9 immobilier qu\u00e9b\u00e9cois : Ce qu&#8217;il faut savoir"}]},{"@type":"WebSite","@id":"https:\/\/groupebaronello.com\/fr\/#website","url":"https:\/\/groupebaronello.com\/fr\/","name":"Groupe Baronello","description":"Courtiers Immobilier - Real Estate Agents","publisher":{"@id":"https:\/\/groupebaronello.com\/fr\/#organization"},"potentialAction":[{"@type":"SearchAction","target":{"@type":"EntryPoint","urlTemplate":"https:\/\/groupebaronello.com\/fr\/?s={search_term_string}"},"query-input":{"@type":"PropertyValueSpecification","valueRequired":true,"valueName":"search_term_string"}}],"inLanguage":"fr-FR"},{"@type":"Organization","@id":"https:\/\/groupebaronello.com\/fr\/#organization","name":"Groupe Baronello","url":"https:\/\/groupebaronello.com\/fr\/","logo":{"@type":"ImageObject","inLanguage":"fr-FR","@id":"https:\/\/groupebaronello.com\/fr\/#\/schema\/logo\/image\/","url":null,"contentUrl":null,"width":null,"height":null,"caption":"Groupe Baronello"},"image":{"@id":"https:\/\/groupebaronello.com\/fr\/#\/schema\/logo\/image\/"}},{"@type":"Person","@id":"https:\/\/groupebaronello.com\/fr\/#\/schema\/person\/3866f599e17139b0bd7813f886dc0780","name":"gb_admin","image":{"@type":"ImageObject","inLanguage":"fr-FR","@id":"https:\/\/secure.gravatar.com\/avatar\/d35f2f7e26219aa1a6d8db58988a9d61398c6a6ff0d4cf0a840b33a0b43f56d9?s=96&d=mm&r=g","url":"https:\/\/secure.gravatar.com\/avatar\/d35f2f7e26219aa1a6d8db58988a9d61398c6a6ff0d4cf0a840b33a0b43f56d9?s=96&d=mm&r=g","contentUrl":"https:\/\/secure.gravatar.com\/avatar\/d35f2f7e26219aa1a6d8db58988a9d61398c6a6ff0d4cf0a840b33a0b43f56d9?s=96&d=mm&r=g","caption":"gb_admin"}}]}},"_links":{"self":[{"href":"https:\/\/groupebaronello.com\/fr\/wp-json\/wp\/v2\/posts\/4882458","targetHints":{"allow":["GET"]}}],"collection":[{"href":"https:\/\/groupebaronello.com\/fr\/wp-json\/wp\/v2\/posts"}],"about":[{"href":"https:\/\/groupebaronello.com\/fr\/wp-json\/wp\/v2\/types\/post"}],"author":[{"embeddable":true,"href":"https:\/\/groupebaronello.com\/fr\/wp-json\/wp\/v2\/users\/2"}],"replies":[{"embeddable":true,"href":"https:\/\/groupebaronello.com\/fr\/wp-json\/wp\/v2\/comments?post=4882458"}],"version-history":[{"count":1,"href":"https:\/\/groupebaronello.com\/fr\/wp-json\/wp\/v2\/posts\/4882458\/revisions"}],"predecessor-version":[{"id":4885031,"href":"https:\/\/groupebaronello.com\/fr\/wp-json\/wp\/v2\/posts\/4882458\/revisions\/4885031"}],"wp:featuredmedia":[{"embeddable":true,"href":"https:\/\/groupebaronello.com\/fr\/wp-json\/wp\/v2\/media\/4885305"}],"wp:attachment":[{"href":"https:\/\/groupebaronello.com\/fr\/wp-json\/wp\/v2\/media?parent=4882458"}],"wp:term":[{"taxonomy":"category","embeddable":true,"href":"https:\/\/groupebaronello.com\/fr\/wp-json\/wp\/v2\/categories?post=4882458"},{"taxonomy":"post_tag","embeddable":true,"href":"https:\/\/groupebaronello.com\/fr\/wp-json\/wp\/v2\/tags?post=4882458"}],"curies":[{"name":"wp","href":"https:\/\/api.w.org\/{rel}","templated":true}]}}